[{"@context":"https:\/\/schema.org\/","@type":"Article","@id":"https:\/\/www.carmin.sk\/sprijemnite-si-zimu-vonavym-pranim-tieto-vone-musite-urcite-mat\/#Article","mainEntityOfPage":"https:\/\/www.carmin.sk\/sprijemnite-si-zimu-vonavym-pranim-tieto-vone-musite-urcite-mat\/","headline":"Spr\u00edjemnite si zimu vo\u0148av\u00fdm pran\u00edm. Tieto v\u00f4ne mus\u00edte ur\u010dite ma\u0165!","name":"Spr\u00edjemnite si zimu vo\u0148av\u00fdm pran\u00edm. Tieto v\u00f4ne mus\u00edte ur\u010dite ma\u0165!","description":"Prech\u00e1dzka kr\u00e1snym svie\u017eim zimn\u00fdm lesom, parkom alebo len tak, kam v\u00e1s nohy zaved\u00fa, rozpr\u00fadi energiu v celom tele a vy sa zrazu m\u00f4\u017eete nad\u00fdchnu\u0165 svie\u017eeho \u010derstv\u00e9ho vzduchu. T\u00e1 svie\u017eos\u0165 je tak pr\u00edjemn\u00e1 a dop\u013a\u0148a z\u00e1soby energie v tele. A podobne to chod\u00ed aj s v\u00f4\u0148ami. Ka\u017ed\u00e1 je in\u00e1, jedine\u010dn\u00e1 a dok\u00e1\u017ee povzbudi\u0165 zmysly. Niet nad...<p class=\"more-link-wrap\"><a href=\"https:\/\/www.carmin.sk\/sprijemnite-si-zimu-vonavym-pranim-tieto-vone-musite-urcite-mat\/\" class=\"more-link\">Read More<span class=\"screen-reader-text\"> &ldquo;Spr\u00edjemnite si zimu vo\u0148av\u00fdm pran\u00edm. Tieto v\u00f4ne mus\u00edte ur\u010dite ma\u0165!&rdquo;<\/span> &raquo;<\/a><\/p>","datePublished":"2024-01-03","dateModified":"2024-04-05","author":{"@type":"Person","@id":"https:\/\/www.carmin.sk\/author\/#Person","name":"","url":"https:\/\/www.carmin.sk\/author\/","identifier":1,"image":{"@type":"ImageObject","@id":"https:\/\/secure.gravatar.com\/avatar\/b72fc1bf1bf254b4118ef99c1da35a199f5a8e7c33c2166eae92618994df57ea?s=96&d=mm&r=g","url":"https:\/\/secure.gravatar.com\/avatar\/b72fc1bf1bf254b4118ef99c1da35a199f5a8e7c33c2166eae92618994df57ea?s=96&d=mm&r=g","height":96,"width":96}},"publisher":{"@type":"Organization","name":"carmin.sk","logo":{"@type":"ImageObject","@id":"\/logo.png","url":"\/logo.png","width":600,"height":60}},"image":{"@type":"ImageObject","@id":"https:\/\/www.carmin.sk\/wp-content\/uploads\/parfem_na_prani_D8Hz1N.jpg","url":"https:\/\/www.carmin.sk\/wp-content\/uploads\/parfem_na_prani_D8Hz1N.jpg","height":0,"width":0},"url":"https:\/\/www.carmin.sk\/sprijemnite-si-zimu-vonavym-pranim-tieto-vone-musite-urcite-mat\/","about":["V\u00fdrobky"],"wordCount":413,"articleBody":"        Prech\u00e1dzka kr\u00e1snym svie\u017eim zimn\u00fdm lesom, parkom alebo len tak, kam v\u00e1s nohy zaved\u00fa, rozpr\u00fadi energiu v celom tele a vy sa zrazu m\u00f4\u017eete nad\u00fdchnu\u0165 svie\u017eeho \u010derstv\u00e9ho vzduchu. T\u00e1 svie\u017eos\u0165 je tak pr\u00edjemn\u00e1 a dop\u013a\u0148a z\u00e1soby energie v tele. A podobne to chod\u00ed aj s v\u00f4\u0148ami. Ka\u017ed\u00e1 je in\u00e1, jedine\u010dn\u00e1 a dok\u00e1\u017ee povzbudi\u0165 zmysly. Niet nad kr\u00e1snu v\u00f4\u0148u, ktor\u00e1 v\u00e1m sadne. V\u00f4\u0148a pote\u0161\u00ed a zvl\u00e1\u0161\u0165, ke\u010f ju c\u00edtite z bielizne, m\u00f4\u017eete ju tak ma\u0165 st\u00e1le so sebou. Svie\u017ea jemn\u00e1 bielize\u0148 \u2013 ten pocit \u010distoty je nesmierne uvo\u013e\u0148uj\u00faci a pr\u00edjemn\u00fd. Ak aj vy miesto aviv\u00e1\u017ee radi pou\u017e\u00edvate parf\u00e9m do prania, vybrali sme pre v\u00e1s dve kr\u00e1sne v\u00f4ne, ktor\u00e9 o\u017eivia va\u0161u zimn\u00fa n\u00e1ladu. Tieto olejov\u00e9 parf\u00e9my do prania v\u00e1m teraz predstav\u00edme.   Neprehliadnute\u013en\u00e9 biele pi\u017emo  Niet nad neprehliadnute\u013en\u00fa v\u00f4\u0148u bieleho pi\u017ema, ktor\u00e1 sa sn\u00fabi s kyticou horsk\u00fdch kvetov. Hlavu tohto parf\u00e9mu tvor\u00ed limetka a bergamot \u2013 tak svie\u017ee, ako si len viete predstavi\u0165. Aj parf\u00e9my do prania toti\u017e maj\u00fa svoje zlo\u017eenie ako klasick\u00e9 parf\u00e9my, v ktor\u00fdch sa definuj\u00fa v\u00f4ne prostredn\u00edctvom hlavy, srdca a z\u00e1kladu. White Musk je srdcom v jazm\u00edne, ylangu, ru\u017ei a kytici bielych kvetov. Pocit svie\u017eosti a n\u00e1dhern\u00e1 kvetinov\u00e1 v\u00f4\u0148a v\u00e1s bud\u00fa sprev\u00e1dza\u0165 na oble\u010den\u00ed po cel\u00fd de\u0148. A hne\u010f tu m\u00e1me \u010fal\u0161iu atrakt\u00edvnu ar\u00f3mu, ktor\u00e1 mnoh\u00fdch doslova postav\u00ed na nohy.   Verbena so sladkou citrusovou ar\u00f3mou  Povzbudenie, ktor\u00e9 poskytne kr\u00e1sne poskladan\u00fd parf\u00e9m pln\u00ed svie\u017eich t\u00f3nov v\u00f4n\u00ed, bude mo\u017eno v\u00fdbornou vo\u013ebou pre milovn\u00edkov citrusovej symf\u00f3nie. So z\u00e1kladom pi\u017ema a c\u00e9dru, v srdci jazm\u00edn, konvalinku a bergamot, no a s limetkou, zelen\u00fdm \u010dajom a verbenou v hlave tohto olejov\u00e9ho parf\u00e9mu na pranie. Podobn\u00e1 v\u00f4\u0148a do pr\u00e1\u010dky pripom\u00edna jar. Sladkast\u00e1 a iskriv\u00e1 verbena dod\u00e1 oble\u010deniu pr\u00edjemn\u00fa svie\u017eos\u0165 nielen na nieko\u013eko dn\u00ed, ale aj na cel\u00e9 t\u00fd\u017edne. Od prania k praniu tak m\u00f4\u017eete by\u0165 obklopen\u00fd v\u00f4\u0148ami. Oba olejov\u00e9 parf\u00e9my prid\u00e1vate do prania miesto be\u017enej aviv\u00e1\u017ee. S\u00fa ob\u013e\u00fabenou vo\u013ebou pre kr\u00e1snu svie\u017eu univerz\u00e1lnu v\u00f4\u0148u.                                                                                                                                                                                                                                                                                                                                                                                                  "},{"@context":"https:\/\/schema.org\/","@type":"BreadcrumbList","itemListElement":[{"@type":"ListItem","position":1,"name":"Spr\u00edjemnite si zimu vo\u0148av\u00fdm pran\u00edm. Tieto v\u00f4ne mus\u00edte ur\u010dite ma\u0165!","item":"https:\/\/www.carmin.sk\/sprijemnite-si-zimu-vonavym-pranim-tieto-vone-musite-urcite-mat\/#breadcrumbitem"}]}]