[{"@context":"https:\/\/schema.org\/","@type":"Article","@id":"https:\/\/www.carmin.sk\/nebud-staromodny-maj-sa-rad-bud-blaznivy\/#Article","mainEntityOfPage":"https:\/\/www.carmin.sk\/nebud-staromodny-maj-sa-rad-bud-blaznivy\/","headline":"Nebu\u010f starom\u00f3dny maj sa r\u00e1d bu\u010f bl\u00e1zniv\u00fd","name":"Nebu\u010f starom\u00f3dny maj sa r\u00e1d bu\u010f bl\u00e1zniv\u00fd","description":"Dobr\u00fd de\u0148 priatelia dnes m\u00e1me de\u0148 stra\u0161idiel. Americk\u00fd sviatok treba si da\u0165 masky na tv\u00e1r a vyrazi\u0165 pred ve\u010der von ja som si k\u00fapila pred p\u00e1r d\u0148ami kabelku tvare tekvice nech je trochu \u00a0m\u00e1m r\u00f4zne kost\u00fdmy nech je z\u00e1bava. Dnes som bola na po\u0161te aj v obchode mala som tu kabelku tvare tekvici m\u00e1m rada...<p class=\"more-link-wrap\"><a href=\"https:\/\/www.carmin.sk\/nebud-staromodny-maj-sa-rad-bud-blaznivy\/\" class=\"more-link\">Read More<span class=\"screen-reader-text\"> &ldquo;Nebu\u010f starom\u00f3dny maj sa r\u00e1d bu\u010f bl\u00e1zniv\u00fd&rdquo;<\/span> &raquo;<\/a><\/p>","datePublished":"2023-03-01","dateModified":"2023-11-07","author":{"@type":"Person","@id":"https:\/\/www.carmin.sk\/author\/#Person","name":"","url":"https:\/\/www.carmin.sk\/author\/","identifier":1,"image":{"@type":"ImageObject","@id":"https:\/\/secure.gravatar.com\/avatar\/b72fc1bf1bf254b4118ef99c1da35a199f5a8e7c33c2166eae92618994df57ea?s=96&d=mm&r=g","url":"https:\/\/secure.gravatar.com\/avatar\/b72fc1bf1bf254b4118ef99c1da35a199f5a8e7c33c2166eae92618994df57ea?s=96&d=mm&r=g","height":96,"width":96}},"publisher":{"@type":"Organization","name":"carmin.sk","logo":{"@type":"ImageObject","@id":"\/logo.png","url":"\/logo.png","width":600,"height":60}},"image":{"@type":"ImageObject","@id":"https:\/\/www.carmin.sk\/wp-content\/uploads\/gel-nails-1267562_1280-2_1.jpg","url":"https:\/\/www.carmin.sk\/wp-content\/uploads\/gel-nails-1267562_1280-2_1.jpg","height":0,"width":0},"url":"https:\/\/www.carmin.sk\/nebud-staromodny-maj-sa-rad-bud-blaznivy\/","about":["M\u00f3da"],"wordCount":580,"articleBody":"Dobr\u00fd de\u0148 priatelia dnes m\u00e1me de\u0148 stra\u0161idiel. Americk\u00fd sviatok treba si da\u0165 masky na tv\u00e1r a vyrazi\u0165 pred ve\u010der von ja som si k\u00fapila pred p\u00e1r d\u0148ami kabelku tvare tekvice nech je trochu \u00a0m\u00e1m r\u00f4zne kost\u00fdmy nech je z\u00e1bava. Dnes som bola na po\u0161te aj v obchode mala som tu kabelku tvare tekvici m\u00e1m rada r\u00f4zne sviatky. \u010clovek aspo\u0148 zabudne na probl\u00e9m. Pozvala som kamo\u0161ky na p\u00e1rty a z\u00e1kusok a podobne budeme v mask\u00e1ch treba to dnes rozto\u010di\u0165 aj ke\u010f je smutn\u00fd \u010das pr\u0161\u00ed cel\u00fd de\u0148. Moja mamina pe\u010die z\u00e1kusok zamatov\u00fa rol\u00e1du dnes m\u00e1m celkom dobr\u00fd de\u0148 p\u00ed\u0161em k\u00e1va mi tu vonia aj TV mi ide m\u00e1m pusten\u00fa Nemeck\u00fa stanicu HR hr\u00e1 tam moja ob\u013e\u00faben\u00e1 here\u010dka pr\u00edjemn\u00e9 a u\u017eito\u010dn\u00e9 z\u00e1rove\u0148. Zajtra m\u00e1me tak\u00fd spomienkov\u00fd de\u0148 Sviatok v\u0161etk\u00fdch sv\u00e4t\u00fdch to sa zase inak \u010dlovek mus\u00ed obliec\u0165 takzvan\u00e9 prisp\u00f4sobi\u0165 sa zajtra m\u00e1me trochu vo\u013ena vo \u0161tvrtok tu nebudem u\u010d\u00edm v \u0161k\u00f4lke a poobede dve hodiny dou\u010dujem jedine v piatok tu budem tak dnes som tu zato potom u\u017e len v utorok. Vy m\u00e1te radi ak\u00e9 sviatky ja v\u0161etky meniny ,narodeniny, MD\u017d, Vianoce, Silvestra a podobne ja sa u\u017e te\u0161\u00edm \u017ee o vy\u0161e mesiaca m\u00e1me Vianoce u\u017e nakupujem pomaly dar\u010deky maminke sebe aj kamo\u0161k\u00e1m aj rodinn\u00e9. Objednala som oble\u010denie za 40 euro aj kozmetiku spolu aj kamo\u0161ky m\u00e1me kozmetiku za 55 euro nepotrebujem auta mamonu sta\u010d\u00ed mali\u010dkosti ktor\u00e9 \u010dlovek v\u00fdnosy alebo pou\u017eije ale som za aby sa oslavovali v kruhu najbli\u017e\u0161\u00edch Vianoce aj Ve\u013ek\u00e1 noc s\u00fa to najkraj\u0161ie sviatky v roku nech\u00e1pem tak\u00fa nen\u00e1vis\u0165 takzvan\u00fa \u00fabohos\u0165 \u013eud\u00ed ktor\u00ed to neuzn\u00e1vaj\u00fa vyhov\u00e1ra\u0165 nemusia na to \u017ee nemaj\u00fa \u010das neuver\u00edm im to. Na viano\u010dn\u00e9 sviatky si sadn\u00fa\u0165 k sviato\u010dn\u00e9mu stolu elegantn\u00e9 oble\u010den\u00fd milujem ke\u010f rozvoniava jedlo ,z\u00e1kusky, kol\u00e1\u010de aspo\u0148 raz za \u010das ak\u00fa m\u00e1m vesel\u00fa n\u00e1ladu aj na priek po\u010dasiu m\u00e1m svietnik tvare tekvice si ho zap\u00e1lim jemn\u00e9 svetielko prichystala som si kost\u00fdm budem za \u010dierna pani. Dlh\u00e9 \u010dierne \u0161aty, leg\u00edny \u010dierne aj pono\u017eky \u010dierne rukavice \u010dierne aj n\u00e1u\u0161nice nech je trochu srandy kto uh\u00e1dne za koho budem oble\u010den\u00e1. Vy nap\u00ed\u0161te ak\u00e9 budete masky dnes . ka\u017ed\u00fd rok som in\u00e1 maska. Ani sa n\u00e1m nechce veri\u0165 ako ubehol rok e\u0161te dva mesiace aj je koniec roku 2023 a zase budeme o rok star\u0161\u00ed. Je aj slnie\u010dko n\u00e1m vy\u0161lo kr\u00e1sne sa vyjasnilo hne\u010f je lep\u0161ie na du\u0161i. Na to aby som vytv\u00e1rala smie\u0161ne kost\u00fdmy m\u00e1m aj r\u00f4zne pierka. \u010co t\u00fdka l\u00ed\u010denia m\u00e1m tmav\u00e9 l\u00ed\u010denie hnedo \u010dierne o\u010di aj pery nechty m\u00e1m nalakovan\u00e9 tie\u017e na bordov\u00e9 trblietav\u00fd lak s\u00edce teraz je trendy \u010do sa t\u00fdka lakov na nechty zelen\u00e1, fialov\u00e1, strieborn\u00e1 bled\u00e9 odtiene farieb ale treba niekedy vybo\u010di\u0165 z davu by\u0165 in\u00e1 netreba nasledova\u0165 dav \u013eud\u00ed by\u0165 s\u00e1m sebou je to IN. U som takmer na konci \u010dl\u00e1nku majte sa pekne prajem v\u00e1m pekn\u00fd ni\u010d\u00edm neru\u0161en\u00fd de\u0148 usmieva\u0165 treba by\u0165 pozit\u00edvne naladen\u00fd ka\u017ed\u00fd de\u0148 v roku.                                                                                                                                                                                                                                                                                                                                                                                                "},{"@context":"https:\/\/schema.org\/","@type":"BreadcrumbList","itemListElement":[{"@type":"ListItem","position":1,"name":"Nebu\u010f starom\u00f3dny maj sa r\u00e1d bu\u010f bl\u00e1zniv\u00fd","item":"https:\/\/www.carmin.sk\/nebud-staromodny-maj-sa-rad-bud-blaznivy\/#breadcrumbitem"}]}]