[{"@context":"https:\/\/schema.org\/","@type":"Article","@id":"https:\/\/www.carmin.sk\/ako-sa-obliect-do-skoly\/#Article","mainEntityOfPage":"https:\/\/www.carmin.sk\/ako-sa-obliect-do-skoly\/","headline":"Ako sa obliec\u0165 do \u0161koly","name":"Ako sa obliec\u0165 do \u0161koly","description":"Chod\u00edte do \u0161koly? H\u00e1dam nechod\u00edte na vyu\u010dovanie v\u00a0roztrhan\u00fdch rifliach alebo nebodaj v\u00a0tepl\u00e1koch. Ak \u00e1no, mali by ste to okam\u017eite zmeni\u0165.\u00a0Pod\u013ea oble\u010denia s\u00fadime druh\u00fdch \u013eud\u00ed. A\u00a0pod\u013ea neho sa k\u00a0nim aj spr\u00e1vame. Pr\u00e1ve kv\u00f4li tomu je dobr\u00e9 sa pekne obliec\u0165 na ka\u017ed\u00fa pr\u00edle\u017eitos\u0165. Aj do \u0161koly sa potrebujeme pekne obliec\u0165. \u010ci chod\u00edte na z\u00e1kladn\u00fa \u0161kolu, stredn\u00fa \u0161kolu...<p class=\"more-link-wrap\"><a href=\"https:\/\/www.carmin.sk\/ako-sa-obliect-do-skoly\/\" class=\"more-link\">Read More<span class=\"screen-reader-text\"> &ldquo;Ako sa obliec\u0165 do \u0161koly&rdquo;<\/span> &raquo;<\/a><\/p>","datePublished":"2024-01-14","dateModified":"2024-05-14","author":{"@type":"Person","@id":"https:\/\/www.carmin.sk\/author\/#Person","name":"","url":"https:\/\/www.carmin.sk\/author\/","identifier":1,"image":{"@type":"ImageObject","@id":"https:\/\/secure.gravatar.com\/avatar\/b72fc1bf1bf254b4118ef99c1da35a199f5a8e7c33c2166eae92618994df57ea?s=96&d=mm&r=g","url":"https:\/\/secure.gravatar.com\/avatar\/b72fc1bf1bf254b4118ef99c1da35a199f5a8e7c33c2166eae92618994df57ea?s=96&d=mm&r=g","height":96,"width":96}},"publisher":{"@type":"Organization","name":"carmin.sk","logo":{"@type":"ImageObject","@id":"\/logo.png","url":"\/logo.png","width":600,"height":60}},"image":{"@type":"ImageObject","@id":"https:\/\/www.carmin.sk\/wp-content\/uploads\/books-5937823_640.jpg","url":"https:\/\/www.carmin.sk\/wp-content\/uploads\/books-5937823_640.jpg","height":0,"width":0},"url":"https:\/\/www.carmin.sk\/ako-sa-obliect-do-skoly\/","about":["M\u00f3da"],"wordCount":416,"articleBody":"Chod\u00edte do \u0161koly? H\u00e1dam nechod\u00edte na vyu\u010dovanie v\u00a0roztrhan\u00fdch rifliach alebo nebodaj v\u00a0tepl\u00e1koch. Ak \u00e1no, mali by ste to okam\u017eite zmeni\u0165.\u00a0Pod\u013ea oble\u010denia s\u00fadime druh\u00fdch \u013eud\u00ed. A\u00a0pod\u013ea neho sa k\u00a0nim aj spr\u00e1vame. Pr\u00e1ve kv\u00f4li tomu je dobr\u00e9 sa pekne obliec\u0165 na ka\u017ed\u00fa pr\u00edle\u017eitos\u0165. Aj do \u0161koly sa potrebujeme pekne obliec\u0165. \u010ci chod\u00edte na z\u00e1kladn\u00fa \u0161kolu, stredn\u00fa \u0161kolu alebo \u0161tudujete na vysokej \u0161kole. Vhodn\u00e9 oble\u010denie je z\u00e1klad.\u00a0Stoj\u00edte pred \u0161atn\u00edkovou skri\u0148ou a\u00a0ani len netu\u0161\u00edte, \u010do z\u00a0nej m\u00e1te vytiahnu\u0165? M\u00e1te plno r\u00f4zneho oble\u010denia, no aj tak v\u00e1hate, \u010do je pre v\u00e1s v\u00a0dne\u0161n\u00fd de\u0148 to najvhodnej\u0161ie? \u00a0\u00a0Mus\u00edte porozm\u00fd\u0161\u013ea\u0165, kde sa chyst\u00e1te. Do \u0161koly by sa malo oblieka\u0165 slu\u0161ne. Hovorievali n\u00e1m to u\u017e na\u0161e mamy, ke\u010f sme boli mal\u00fdmi de\u0165mi. No dne\u0161n\u00e1 doba je \u00faplne in\u00e1. Ke\u010f vid\u00edm teenagerov, ktor\u00ed pr\u00e1ve vych\u00e1dzaj\u00fa zo \u0161koly, a\u017e som zarazen\u00e1 z\u00a0toho, \u010do si na seba obliekli. Mnohokr\u00e1t vid\u00edm roztrhan\u00e9 rifle, vo\u013en\u00e9 oversize tri\u010dk\u00e1, ktor\u00e9 im len tak plantaj\u00fa na tele a\u00a0vyzeraj\u00fa, ako keby na sebe mali oble\u010den\u00e9 vrece zo zemiakov. Never\u00edte? Sta\u010d\u00ed, ke\u010f z\u00e1jdete raz do \u0161koly. Teenageri sa nevedia oblieka\u0165. \u010ces\u0165 v\u00fdnimk\u00e1m. Do \u0161koly sa m\u00e1 chodi\u0165 \u010disto. Ale, ke\u010f vid\u00edm, \u010do v\u0161etko pred\u00e1vaj\u00fa v\u00a0dne\u0161nej dobe v\u00a0ka\u017edom obchode s\u00a0oble\u010den\u00edm, niekedy sa ani ne\u010dudujem, pre \u010do sa tak teenageri obliekaj\u00fa. Nemaj\u00fa na v\u00fdber. Oble\u010denie je lacn\u00e9 a\u00a0pohodln\u00e9. V\u00a0m\u00f3de je u\u017e teraz in u\u017e \u010doko\u013evek.\u00a0\u00a0Minule som videla na ulici \u00eds\u0165 star\u00fa pani v\u00a0krik\u013eav\u00fdch ru\u017eov\u00fdch tepl\u00e1koch a\u00a0v\u00a0krik\u013eavej ru\u017eovej mikine a\u00a0tri\u010dku. A\u017e som sa zarazila, \u017ee ako si toto m\u00f4\u017ee obliec\u0165 star\u0161ia pani. No, niekedy je to \u010dist\u00e1 katastrofa. Aj star\u0161ie \u017eeny by sa mali vedie\u0165 primerane oblieka\u0165 pod\u013ea svojho veku. Mnoh\u00e9 to nevedia. Nielen\u017ee maj\u00fa na hlave fialov\u00e9 vlasy, e\u0161te si k\u00a0nim oble\u010d\u00fa aj nevhodne farebn\u00e9 oble\u010denie. Hovor\u00edm si, \u017ee nemaj\u00fa doma zrkadlo.\u00a0Ka\u017ed\u00fd \u010dlovek by sa mal vedie\u0165 pekne a\u00a0vhodne obliec\u0165. Nesta\u010d\u00ed ma\u0165 mili\u00f3n k\u00faskov r\u00f4zneho oble\u010denia, ale vedie\u0165 svoje oble\u010denie pekne a\u00a0vkusne skombinova\u0165.                                                                                                                                                                                                                                                                                                                                                                                                "},{"@context":"https:\/\/schema.org\/","@type":"BreadcrumbList","itemListElement":[{"@type":"ListItem","position":1,"name":"Ako sa obliec\u0165 do \u0161koly","item":"https:\/\/www.carmin.sk\/ako-sa-obliect-do-skoly\/#breadcrumbitem"}]}]